{"id":1384,"date":"2018-10-01T21:10:42","date_gmt":"2018-10-01T19:10:42","guid":{"rendered":"http:\/\/szczepienie.info\/?p=1384"},"modified":"2025-02-24T00:01:42","modified_gmt":"2025-02-23T23:01:42","slug":"jan-bondar-rzecznik-gis","status":"publish","type":"post","link":"https:\/\/kredytdarmowy.adamiganowicz.eu\/kredytdarmowy\/jan-bondar-rzecznik-gis\/","title":{"rendered":"Jan Bondar &#8211; Rzecznik GIS"},"content":{"rendered":"<p>Oto Jan.<\/p>\n<p>Jan jest rzecznikiem G\u0142\u00f3wnego Inspektora Sanitarnego.<\/p>\n<p>Jan o\u015bwiadczy\u0142 niedawno w telewizji internetowej wpolsce.pl, \u017ce w roku 2016 w Polsce by\u0142y tylko trzy ci\u0119\u017ckie odczyny poszczepienne.<\/p>\n<p><img loading=\"lazy\" decoding=\"async\" class=\"alignnone wp-image-1396 size-full\" src=\"https:\/\/kredytdarmowy.adamiganowicz.eu\/kredytdarmowy\/wp-content\/uploads\/2018\/10\/janek2.png\" alt=\"\" width=\"614\" height=\"239\" srcset=\"https:\/\/kredytdarmowy.adamiganowicz.eu\/kredytdarmowy\/wp-content\/uploads\/2018\/10\/janek2.png 614w, https:\/\/kredytdarmowy.adamiganowicz.eu\/kredytdarmowy\/wp-content\/uploads\/2018\/10\/janek2-300x117.png 300w\" sizes=\"auto, (max-width: 614px) 100vw, 614px\" \/><\/p>\n<p>Nie b\u0105d\u017a jak Jan. Odpowiadaj na pytania. \ud83d\ude42<\/p>\n<p style=\"text-align: center;\">***<\/p>\n<p>Dzie\u0144 dobry.<br \/>\nDlaczego wczoraj w telewizji\u00a0<a href=\"http:\/\/wpolsce.pl\/magazyn\/5127-czy-ruchy-antyszczepionkowe-sa-inspirowane-przez-rosyjskie-sluzby-specjalne\" target=\"_blank\" rel=\"noopener\">wpolsce.pl<\/a>\u00a0o\u015bwiadczy\u0142 Pan publicznie, \u017ce w roku 2016 w Polsce by\u0142y jedynie 3 (s\u0142ownie: TRZY) ci\u0119\u017ckie NOP-y?<\/p>\n<p>Jako rzecznik GIS powinien Pan chyba zna\u0107 tre\u015b\u0107 Raportu Rocznego Prezesa URPL za rok 2016? Co tam jest napisane w tabeli 4.4 na stronie 39?<\/p>\n<p>Tak zupe\u0142nie przy okazji pozwol\u0119 sobie zapyta\u0107, czy w Pana ocenie \u015bmier\u0107 na SIDS 3 dni po szczepieniu ZAWSZE zostanie zg\u0142oszona jako ci\u0119\u017cki NOP? A czy ka\u017cda hospitalizacja z powodu zapalenia p\u0142uc 10 dni po szczepieniu zostanie zg\u0142oszona jako NOP? Czy ka\u017cde zapalenie ucha 2 dni po szczepieniu zostanie zg\u0142oszone jako NOP?<\/p>\n<p>W roku 2016 zanotowano w Polsce 71 zgon\u00f3w dzieci w wieku 0-4 lata, gdzie przyczyny tych zgon\u00f3w nie zosta\u0142y okre\u015blone (kategorie R95-R99 w raporcie GUS &#8211; mam nadziej\u0119, \u017ce nie trzeba Panu, jako rzecznikowi GIS, t\u0142umaczy\u0107, co to s\u0105 za kategorie i z jakiej klasyfikacji pochodz\u0105?).<\/p>\n<p>Moje pytanie jest nast\u0119puj\u0105ce:<\/p>\n<p>Ile z tych zgon\u00f3w mia\u0142o miejsce nie dalej jak do 4 tygodni od szczepienia?<\/p>\n<p>Zdaje Pan sobie spraw\u0119 z tego, \u017ce brak danych do odpowiedzi na powy\u017csze pytanie o zgony dzieci &#8222;z przyczyn nieznanych&#8221; o\u015bmiesza zupe\u0142nie sens gromadzenia danych o NOP-ach przez PZH? A przecie\u017c to w\u0142a\u015bnie na raporty PZH o NOP-ach powo\u0142ywa\u0142 si\u0119 Pan wczoraj w rozmowie z pani\u0105 Soch\u0105.<\/p>\n<p>Z powa\u017caniem,<br \/>\n[&#8230;]<\/p>\n<p style=\"text-align: center;\">***<\/p>\n<p><img loading=\"lazy\" decoding=\"async\" class=\"alignnone wp-image-1391 size-full\" src=\"https:\/\/kredytdarmowy.adamiganowicz.eu\/kredytdarmowy\/wp-content\/uploads\/2018\/10\/jan1.png\" alt=\"\" width=\"513\" height=\"347\" srcset=\"https:\/\/kredytdarmowy.adamiganowicz.eu\/kredytdarmowy\/wp-content\/uploads\/2018\/10\/jan1.png 513w, https:\/\/kredytdarmowy.adamiganowicz.eu\/kredytdarmowy\/wp-content\/uploads\/2018\/10\/jan1-300x203.png 300w\" sizes=\"auto, (max-width: 513px) 100vw, 513px\" \/><\/p>\n<p style=\"text-align: center;\">***<\/p>\n<div dir=\"ltr\">Szanowny Panie Rzeczniku,<\/div>\n<div dir=\"ltr\">\n<div>czy b\u0119dziemy si\u0119 teraz przerzuca\u0107 \u0142\u0105czami do stron internetowych?<\/div>\n<div>ja te\u017c mog\u0119 poda\u0107 adres strony w odpowiedzi na Pana adres strony PZH:<\/div>\n<div><\/div>\n<div><a href=\"https:\/\/kredytdarmowy.adamiganowicz.eu\/kredytdarmowy\/statystyki-nop-pzh\/\" target=\"_blank\" rel=\"noopener\" data-saferedirecturl=\"https:\/\/www.google.com\/url?q=https:\/\/kredytdarmowy.adamiganowicz.eu\/kredytdarmowy\/statystyki-nop-pzh\/&amp;source=gmail&amp;ust=1538505989159000&amp;usg=AFQjCNG_41pVtqBLNUJIFQ0AQwWd6xDOdQ\">https:\/\/kredytdarmowy.adamiganowicz.eu\/kredytdarmowy\/<wbr \/>statystyki-nop-pzh\/<\/a><\/div>\n<div><\/div>\n<div>I co teraz b\u0119dzie?<\/div>\n<div><\/div>\n<div>W jakim celu podaje mi Pan adres raportu PZH, skoro nie macie bladego poj\u0119cia (\u0142\u0105cznie z PZH) jaki odsetek NOP-\u00f3w podlega rejestracji?<\/div>\n<div><\/div>\n<div>Czy Pan pr\u00f3bowa\u0142 chocia\u017c zrozumie\u0107 pytania, kt\u00f3re Panu zada\u0142em?<\/div>\n<div><\/div>\n<div>Czy jako rzecznik GIS rozumie Pan, \u017ce nie ma Pan prawa m\u00f3wi\u0107, \u017ce &#8222;w Polsce w roku 2016 by\u0142y trzy ci\u0119\u017ckie odczyny&#8221; bo powinien Pan m\u00f3wi\u0107, co najwy\u017cej &#8222;w Polsce w roku 2016\u00a0<b><span style=\"color: #ff0000;\">ZAREJESTROWANO<\/span><\/b>\u00a0trzy ci\u0119\u017ckie odczyny poszczepienne, a ile ich wszystkich by\u0142o, to nie wiemy&#8221;?<\/div>\n<div><\/div>\n<div>Jeszcze raz:<\/div>\n<div><\/div>\n<div>\n<p>czy w Pana ocenie \u015bmier\u0107 na SIDS 3 dni po szczepieniu ZAWSZE zostanie zg\u0142oszona jako ci\u0119\u017cki NOP? A czy ka\u017cda hospitalizacja z powodu zapalenia p\u0142uc 10 dni po szczepieniu zostanie zg\u0142oszona jako NOP? Czy ka\u017cde zapalenie ucha 2 dni po szczepieniu zostanie zg\u0142oszone jako NOP?<\/p>\n<p>W roku 2016 zanotowano w Polsce 71 zgon\u00f3w dzieci w wieku 0-4 lata, gdzie przyczyny tych zgon\u00f3w nie zosta\u0142y okre\u015blone (kategorie R95-R99 w raporcie GUS &#8211; mam nadziej\u0119, \u017ce nie trzeba Panu, jako rzecznikowi GIS, t\u0142umaczy\u0107, co to s\u0105 za kategorie i z jakiej klasyfikacji pochodz\u0105?).<\/p>\n<p>Ile z tych zgon\u00f3w mia\u0142o miejsce nie dalej jak do 4 tygodni od szczepienia?<\/p>\n<\/div>\n<div><\/div>\n<div>Prosz\u0119 o odpowied\u017a na moje pytanie a bezwarto\u015bciowy z punktu widzenia statystyk NOP raport PZH znam od bardzo dawna i nie o niego pyta\u0142em.<\/div>\n<div><\/div>\n<div>No chyba \u017ce poda mi Pan \u0142\u0105cze do strony, na kt\u00f3rej znajd\u0119 statystyki zgon\u00f3w i hospitalizacji do 4 tygodni po szczepieniu, wraz z przyczynami tych zgon\u00f3w i hospitalizacji, to wtedy bardzo ch\u0119tnie si\u0119 z tym zapoznam.<\/div>\n<div><\/div>\n<div>Natomiast, jak Pan doskonale powinien wiedzie\u0107, G\u0142\u00f3wny Inspektor Sanitarny na pytanie &#8222;ile zgon\u00f3w co roku ma miejsce w Polsce do 4 tygodni od szczepienia?&#8221; zgodnie z prawd\u0105 odpowie, \u017ce nie wie.<\/div>\n<div>I to samo odpowie, gdyby go zapyta\u0107 o hospitalizacje do 4 tygodni od szczepienia.<\/div>\n<div><\/div>\n<div>Mam racj\u0119?<\/div>\n<div><\/div>\n<div>Prosz\u0119 o odpowiedzi na moje pytania.<\/div>\n<div><\/div>\n<div>Z powa\u017caniem,<br \/>\n[&#8230;]<\/div>\n<div><\/div>\n<\/div>\n<p style=\"text-align: center;\">***<\/p>\n<p><img loading=\"lazy\" decoding=\"async\" class=\"alignnone wp-image-1394 size-full\" src=\"https:\/\/kredytdarmowy.adamiganowicz.eu\/kredytdarmowy\/wp-content\/uploads\/2018\/10\/jan2a.png\" alt=\"\" width=\"572\" height=\"318\" srcset=\"https:\/\/kredytdarmowy.adamiganowicz.eu\/kredytdarmowy\/wp-content\/uploads\/2018\/10\/jan2a.png 572w, https:\/\/kredytdarmowy.adamiganowicz.eu\/kredytdarmowy\/wp-content\/uploads\/2018\/10\/jan2a-300x167.png 300w\" sizes=\"auto, (max-width: 572px) 100vw, 572px\" \/><\/p>\n<p style=\"text-align: center;\">***<\/p>\n<p>A czy ja dobrze kojarz\u0119, \u017ce \u017ar\u00f3d\u0142em danych dla PZH je\u015bli chodzi o NOP-y jest Pa\u0144stwowa Inspekcja Sanitarna, czyli jakby organ, kt\u00f3rego zasadniczo to Pan jest rzecznikiem?<\/p>\n<div>Dlaczego nie chce Pan odpowiedzie\u0107 na pytania, kt\u00f3re Panu zada\u0142em?<\/div>\n<div>Je\u015bli nie zna Pan odpowiedzi na te pytania, to prosz\u0119 si\u0119 nie wstydzi\u0107 &#8211; niewiedza to nie wstyd, jedynie sztuk\u0105 jest si\u0119 do tej niewiedzy przyzna\u0107&#8230;<\/div>\n<div><\/div>\n<div>To nie rzecznik PZH m\u00f3wi\u0142 publicznie, \u017ce w Polsce &#8222;by\u0142y trzy&#8221; ci\u0119\u017ckie odczyny w roku 2016, tylko m\u00f3wi\u0142 to Pan &#8211; rzecznik GIS.<\/div>\n<div>Dlatego pytam Pana jako rzecznika GIS &#8211; sprawdzam po prostu, czy Pan rozumie, co Pan publicznie m\u00f3wi.<\/div>\n<div><\/div>\n<div>Prosz\u0119 wskaza\u0107, gdzie w dokumencie, do kt\u00f3rego adres mi Pan poda\u0142, znajd\u0119 odpowiedzi na moje pytania, kt\u00f3re Panu zada\u0142em.<\/div>\n<div>Nr strony i nazwa tabeli. Poprosz\u0119.<\/div>\n<div><a href=\"http:\/\/wwwold.pzh.gov.pl\/oldpage\/epimeld\/2016\/Ch_2016.pdf\" target=\"_blank\" rel=\"noopener\" data-saferedirecturl=\"https:\/\/www.google.com\/url?q=http:\/\/wwwold.pzh.gov.pl\/oldpage\/epimeld\/2016\/Ch_2016.pdf&amp;source=gmail&amp;ust=1538505988856000&amp;usg=AFQjCNHLjM2UPRQ5hIZhBo4ya41SjOxX8A\">http:\/\/wwwold.pzh.gov.pl\/<wbr \/>oldpage\/epimeld\/2016\/Ch_2016.<wbr \/>pdf<\/a><\/div>\n<div><\/div>\n<div>Sprawdzam, czy Pan wie, na jakie dane Pan si\u0119 powo\u0142uje. Po prostu.<\/div>\n<div><\/div>\n<div>Z powa\u017caniem,<br \/>\n[&#8230;]<\/div>\n<p>&nbsp;<\/p>\n<p style=\"text-align: center;\">***<\/p>\n<p><img loading=\"lazy\" decoding=\"async\" class=\"alignnone wp-image-1389 size-full\" src=\"https:\/\/kredytdarmowy.adamiganowicz.eu\/kredytdarmowy\/wp-content\/uploads\/2018\/10\/jan3.png\" alt=\"\" width=\"590\" height=\"306\" srcset=\"https:\/\/kredytdarmowy.adamiganowicz.eu\/kredytdarmowy\/wp-content\/uploads\/2018\/10\/jan3.png 590w, https:\/\/kredytdarmowy.adamiganowicz.eu\/kredytdarmowy\/wp-content\/uploads\/2018\/10\/jan3-300x156.png 300w\" sizes=\"auto, (max-width: 590px) 100vw, 590px\" \/><\/p>\n","protected":false},"excerpt":{"rendered":"<p>Oto Jan. Jan jest rzecznikiem G\u0142\u00f3wnego Inspektora Sanitarnego. Jan o\u015bwiadczy\u0142 niedawno w telewizji internetowej wpolsce.pl, \u017ce w roku 2016 w Polsce by\u0142y tylko trzy ci\u0119\u017ckie odczyny poszczepienne. Nie b\u0105d\u017a jak Jan. Odpowiadaj na pytania. \ud83d\ude42 *** Dzie\u0144 dobry. Dlaczego wczoraj w telewizji\u00a0wpolsce.pl\u00a0o\u015bwiadczy\u0142 Pan publicznie, \u017ce w roku 2016 w Polsce by\u0142y jedynie 3 (s\u0142ownie: TRZY) [&hellip;]<\/p>\n","protected":false},"author":1,"featured_media":0,"comment_status":"open","ping_status":"closed","sticky":false,"template":"","format":"standard","meta":{"footnotes":""},"categories":[1],"tags":[],"class_list":["post-1384","post","type-post","status-publish","format-standard","hentry","category-brak_kategorii"],"_links":{"self":[{"href":"https:\/\/kredytdarmowy.adamiganowicz.eu\/kredytdarmowy\/wp-json\/wp\/v2\/posts\/1384","targetHints":{"allow":["GET"]}}],"collection":[{"href":"https:\/\/kredytdarmowy.adamiganowicz.eu\/kredytdarmowy\/wp-json\/wp\/v2\/posts"}],"about":[{"href":"https:\/\/kredytdarmowy.adamiganowicz.eu\/kredytdarmowy\/wp-json\/wp\/v2\/types\/post"}],"author":[{"embeddable":true,"href":"https:\/\/kredytdarmowy.adamiganowicz.eu\/kredytdarmowy\/wp-json\/wp\/v2\/users\/1"}],"replies":[{"embeddable":true,"href":"https:\/\/kredytdarmowy.adamiganowicz.eu\/kredytdarmowy\/wp-json\/wp\/v2\/comments?post=1384"}],"version-history":[{"count":8,"href":"https:\/\/kredytdarmowy.adamiganowicz.eu\/kredytdarmowy\/wp-json\/wp\/v2\/posts\/1384\/revisions"}],"predecessor-version":[{"id":5535,"href":"https:\/\/kredytdarmowy.adamiganowicz.eu\/kredytdarmowy\/wp-json\/wp\/v2\/posts\/1384\/revisions\/5535"}],"wp:attachment":[{"href":"https:\/\/kredytdarmowy.adamiganowicz.eu\/kredytdarmowy\/wp-json\/wp\/v2\/media?parent=1384"}],"wp:term":[{"taxonomy":"category","embeddable":true,"href":"https:\/\/kredytdarmowy.adamiganowicz.eu\/kredytdarmowy\/wp-json\/wp\/v2\/categories?post=1384"},{"taxonomy":"post_tag","embeddable":true,"href":"https:\/\/kredytdarmowy.adamiganowicz.eu\/kredytdarmowy\/wp-json\/wp\/v2\/tags?post=1384"}],"curies":[{"name":"wp","href":"https:\/\/api.w.org\/{rel}","templated":true}]}}